{"id":5347,"date":"2025-03-18T14:50:50","date_gmt":"2025-03-18T13:50:50","guid":{"rendered":"https:\/\/www.physidia.com\/?p=5347"},"modified":"2025-04-25T15:13:51","modified_gmt":"2025-04-25T13:13:51","slug":"le-retour-au-travail","status":"publish","type":"post","link":"https:\/\/physidia.com\/de\/le-retour-au-travail\/","title":{"rendered":"R\u00fcckkehr ins Berufsleben"},"content":{"rendered":"<div data-elementor-type=\"wp-post\" data-elementor-id=\"5347\" class=\"elementor elementor-5347\" data-elementor-post-type=\"post\">\n\t\t\t\t<div class=\"elementor-element elementor-element-63bd44c e-flex e-con-boxed e-con e-parent\" data-id=\"63bd44c\" data-element_type=\"container\" data-e-type=\"container\" data-settings=\"{&quot;background_background&quot;:&quot;classic&quot;}\">\n\t\t\t\t\t<div class=\"e-con-inner\">\n\t\t\t\t<div class=\"elementor-element elementor-element-3116c4c3 elementor-widget elementor-widget-text-editor\" data-id=\"3116c4c3\" data-element_type=\"widget\" data-e-type=\"widget\" data-widget_type=\"text-editor.default\">\n\t\t\t\t<div class=\"elementor-widget-container\">\n\t\t\t\t\t\t\t\t\t<h2 class=\"translation-block\"><strong>Retour au travail<\/strong> : quelles options pour les <strong>patients insuffisants r\u00e9naux<\/strong> ?<\/h2><p>Vivre avec une insuffisance r\u00e9nale ne signifie pas forc\u00e9ment mettre un terme \u00e0 sa carri\u00e8re professionnelle. Gr\u00e2ce aux avanc\u00e9es de la prise en charge des patients notamment \u00e0 domicile et aux dispositifs d\u2019accompagnement existants, il est tout \u00e0 fait possible de concilier traitement et vie active. <\/p><p>Voici un tour d\u2019horizon des solutions et aides disponibles pour vous aider \u00e0 maintenir ou reprendre une activit\u00e9 professionnelle :<\/p>\t\t\t\t\t\t\t\t<\/div>\n\t\t\t\t<\/div>\n\t\t\t\t<div class=\"elementor-element elementor-element-44e09fe elementor-widget elementor-widget-text-editor\" data-id=\"44e09fe\" data-element_type=\"widget\" data-e-type=\"widget\" data-widget_type=\"text-editor.default\">\n\t\t\t\t<div class=\"elementor-widget-container\">\n\t\t\t\t\t\t\t\t\t<h3><strong>1. Adapter son traitement pour pr\u00e9server son emploi<\/strong><\/h3><p><br \/>Lorsque ces traitements sont possibles, la transplantation et la dialyse \u00e0 domicile, qu\u2019elle soit p\u00e9riton\u00e9ale ou h\u00e9modialyse quotidienne, offrent une flexibilit\u00e9 pr\u00e9cieuse pour continuer \u00e0 travailler. Contrairement aux s\u00e9ances de dialyse en centre, ces m\u00e9thodes permettent d\u2019ajuster les horaires en fonction des contraintes professionnelles.<\/p>\t\t\t\t\t\t\t\t<\/div>\n\t\t\t\t<\/div>\n\t\t<div class=\"elementor-element elementor-element-c948196 e-con-full e-flex e-con e-child\" data-id=\"c948196\" data-element_type=\"container\" data-e-type=\"container\">\n\t\t<div class=\"elementor-element elementor-element-bbf3fee e-con-full e-flex e-con e-child\" data-id=\"bbf3fee\" data-element_type=\"container\" data-e-type=\"container\">\n\t\t\t\t<div class=\"elementor-element elementor-element-61af1ab elementor-widget elementor-widget-text-editor\" data-id=\"61af1ab\" data-element_type=\"widget\" data-e-type=\"widget\" data-widget_type=\"text-editor.default\">\n\t\t\t\t<div class=\"elementor-widget-container\">\n\t\t\t\t\t\t\t\t\t<h4><strong>Dialyse p\u00e9riton\u00e9ale : <\/strong><\/h4><p>se r\u00e9alise \u00e0 domicile et peut \u00eatre automatis\u00e9e la nuit, permettant ainsi de lib\u00e9rer la journ\u00e9e pour le travail.<\/p>\t\t\t\t\t\t\t\t<\/div>\n\t\t\t\t<\/div>\n\t\t\t\t<\/div>\n\t\t<div class=\"elementor-element elementor-element-6db3b5b e-con-full e-flex e-con e-child\" data-id=\"6db3b5b\" data-element_type=\"container\" data-e-type=\"container\">\n\t\t\t\t<div class=\"elementor-element elementor-element-7521560 elementor-widget elementor-widget-text-editor\" data-id=\"7521560\" data-element_type=\"widget\" data-e-type=\"widget\" data-widget_type=\"text-editor.default\">\n\t\t\t\t<div class=\"elementor-widget-container\">\n\t\t\t\t\t\t\t\t\t<h4><strong>H\u00e9modialyse quotidienne \u00e0 domicile :<\/strong><\/h4><p>consiste en des s\u00e9ances plus courtes et fr\u00e9quentes, souvent mieux tol\u00e9r\u00e9es, r\u00e9duisant la fatigue post-dialyse et favorisant un retour au travail plus rapide.<\/p>\t\t\t\t\t\t\t\t<\/div>\n\t\t\t\t<\/div>\n\t\t\t\t<\/div>\n\t\t\t\t<\/div>\n\t\t\t\t<div class=\"elementor-element elementor-element-e6cd4e4 elementor-widget elementor-widget-text-editor\" data-id=\"e6cd4e4\" data-element_type=\"widget\" data-e-type=\"widget\" data-widget_type=\"text-editor.default\">\n\t\t\t\t<div class=\"elementor-widget-container\">\n\t\t\t\t\t\t\t\t\t<p>Plusieurs \u00e9tudes soulignent que ces modes de traitement am\u00e9liorent la qualit\u00e9 de vie et facilite le maintien en emploi.<\/p>\t\t\t\t\t\t\t\t<\/div>\n\t\t\t\t<\/div>\n\t\t\t\t\t<\/div>\n\t\t\t\t<\/div>\n\t\t<div class=\"elementor-element elementor-element-45e17bf e-flex e-con-boxed e-con e-parent\" data-id=\"45e17bf\" data-element_type=\"container\" data-e-type=\"container\" data-settings=\"{&quot;background_background&quot;:&quot;classic&quot;}\">\n\t\t\t\t\t<div class=\"e-con-inner\">\n\t\t\t\t<div class=\"elementor-element elementor-element-011bcc8 elementor-widget elementor-widget-text-editor\" data-id=\"011bcc8\" data-element_type=\"widget\" data-e-type=\"widget\" data-widget_type=\"text-editor.default\">\n\t\t\t\t<div class=\"elementor-widget-container\">\n\t\t\t\t\t\t\t\t\t<h3><strong>2. Les dispositifs d\u2019aide pour les travailleurs insuffisants r\u00e9naux<\/strong><\/h3>\t\t\t\t\t\t\t\t<\/div>\n\t\t\t\t<\/div>\n\t\t<div class=\"elementor-element elementor-element-ff9a476 e-con-full e-flex e-con e-child\" data-id=\"ff9a476\" data-element_type=\"container\" data-e-type=\"container\">\n\t\t<div class=\"elementor-element elementor-element-b9353c8 e-con-full e-flex e-con e-child\" data-id=\"b9353c8\" data-element_type=\"container\" data-e-type=\"container\">\n\t\t\t\t<div class=\"elementor-element elementor-element-ba20edf elementor-widget elementor-widget-text-editor\" data-id=\"ba20edf\" data-element_type=\"widget\" data-e-type=\"widget\" data-widget_type=\"text-editor.default\">\n\t\t\t\t<div class=\"elementor-widget-container\">\n\t\t\t\t\t\t\t\t\t<h4><strong>Indemnit\u00e9 Compensatrice de Perte de Salaire (ICPS)<\/strong><\/h4><p><br \/>L\u2019ICPS est une aide financi\u00e8re qui compense la perte de salaire li\u00e9e aux absences r\u00e9p\u00e9t\u00e9es dues \u00e0 la maladie et aux traitements. Elle est vers\u00e9e par l\u2019Assurance Maladie (CPAM) sous certaines conditions, notamment en cas d\u2019am\u00e9nagement du temps de travail.<\/p>\t\t\t\t\t\t\t\t<\/div>\n\t\t\t\t<\/div>\n\t\t<div class=\"elementor-element elementor-element-ec5bc35 e-con-full e-flex e-con e-child\" data-id=\"ec5bc35\" data-element_type=\"container\" data-e-type=\"container\">\n\t\t\t\t<div class=\"elementor-element elementor-element-83efbd5 elementor-view-default elementor-widget elementor-widget-icon\" data-id=\"83efbd5\" data-element_type=\"widget\" data-e-type=\"widget\" data-widget_type=\"icon.default\">\n\t\t\t\t<div class=\"elementor-widget-container\">\n\t\t\t\t\t\t\t<div class=\"elementor-icon-wrapper\">\n\t\t\t<div class=\"elementor-icon\">\n\t\t\t<svg aria-hidden=\"true\" class=\"e-font-icon-svg e-fas-map-pin\" viewbox=\"0 0 288 512\" xmlns=\"http:\/\/www.w3.org\/2000\/svg\"><path d=\"M112 316.94v156.69l22.02 33.02c4.75 7.12 15.22 7.12 19.97 0L176 473.63V316.94c-10.39 1.92-21.06 3.06-32 3.06s-21.61-1.14-32-3.06zM144 0C64.47 0 0 64.47 0 144s64.47 144 144 144 144-64.47 144-144S223.53 0 144 0zm0 76c-37.5 0-68 30.5-68 68 0 6.62-5.38 12-12 12s-12-5.38-12-12c0-50.73 41.28-92 92-92 6.62 0 12 5.38 12 12s-5.38 12-12 12z\"><\/path><\/svg>\t\t\t<\/div>\n\t\t<\/div>\n\t\t\t\t\t\t<\/div>\n\t\t\t\t<\/div>\n\t\t\t\t<div class=\"elementor-element elementor-element-f28eb82 elementor-widget elementor-widget-text-editor\" data-id=\"f28eb82\" data-element_type=\"widget\" data-e-type=\"widget\" data-widget_type=\"text-editor.default\">\n\t\t\t\t<div class=\"elementor-widget-container\">\n\t\t\t\t\t\t\t\t\t<h5><span style=\"color: #004776;\"><strong>O\u00f9 se renseigner ?<\/strong> <\/span><\/h5>\t\t\t\t\t\t\t\t<\/div>\n\t\t\t\t<\/div>\n\t\t\t\t<div class=\"elementor-element elementor-element-b379183 elementor-widget elementor-widget-button\" data-id=\"b379183\" data-element_type=\"widget\" data-e-type=\"widget\" data-widget_type=\"button.default\">\n\t\t\t\t<div class=\"elementor-widget-container\">\n\t\t\t\t\t\t\t\t\t<div class=\"elementor-button-wrapper\">\n\t\t\t\t\t<a class=\"elementor-button elementor-button-link elementor-size-sm\" href=\"https:\/\/www.ameli.fr\/assure\/droits-demarches\/maladie-accident-hospitalisation\/arret-travail-maladie\">\n\t\t\t\t\t\t<span class=\"elementor-button-content-wrapper\">\n\t\t\t\t\t\t\t\t\t<span class=\"elementor-button-text\">Ameli.FR<\/span>\n\t\t\t\t\t<\/span>\n\t\t\t\t\t<\/a>\n\t\t\t\t<\/div>\n\t\t\t\t\t\t\t\t<\/div>\n\t\t\t\t<\/div>\n\t\t\t\t<\/div>\n\t\t\t\t<\/div>\n\t\t<div class=\"elementor-element elementor-element-4828449 e-con-full e-flex e-con e-child\" data-id=\"4828449\" data-element_type=\"container\" data-e-type=\"container\">\n\t\t\t\t<div class=\"elementor-element elementor-element-3752a78 elementor-widget elementor-widget-text-editor\" data-id=\"3752a78\" data-element_type=\"widget\" data-e-type=\"widget\" data-widget_type=\"text-editor.default\">\n\t\t\t\t<div class=\"elementor-widget-container\">\n\t\t\t\t\t\t\t\t\t<h4><strong>Temps partiel th\u00e9rapeutique<\/strong><\/h4><p class=\"translation-block\"><br>Si un retour \u00e0 temps plein est trop difficile, le temps partiel th\u00e9rapeutique permet de reprendre progressivement le travail tout en b\u00e9n\u00e9ficiant d\u2019une indemnisation de la S\u00e9curit\u00e9 sociale.<br>Il n\u00e9cessite une prescription m\u00e9dicale et l\u2019accord du m\u00e9decin-conseil de la CPAM.<br>L\u2019employeur doit aussi donner son accord pour adapter le poste.<\/p>\t\t\t\t\t\t\t\t<\/div>\n\t\t\t\t<\/div>\n\t\t<div class=\"elementor-element elementor-element-50c4a5c e-con-full e-flex e-con e-child\" data-id=\"50c4a5c\" data-element_type=\"container\" data-e-type=\"container\">\n\t\t\t\t<div class=\"elementor-element elementor-element-2cce8ee elementor-view-default elementor-widget elementor-widget-icon\" data-id=\"2cce8ee\" data-element_type=\"widget\" data-e-type=\"widget\" data-widget_type=\"icon.default\">\n\t\t\t\t<div class=\"elementor-widget-container\">\n\t\t\t\t\t\t\t<div class=\"elementor-icon-wrapper\">\n\t\t\t<div class=\"elementor-icon\">\n\t\t\t<svg aria-hidden=\"true\" class=\"e-font-icon-svg e-fas-map-pin\" viewbox=\"0 0 288 512\" xmlns=\"http:\/\/www.w3.org\/2000\/svg\"><path d=\"M112 316.94v156.69l22.02 33.02c4.75 7.12 15.22 7.12 19.97 0L176 473.63V316.94c-10.39 1.92-21.06 3.06-32 3.06s-21.61-1.14-32-3.06zM144 0C64.47 0 0 64.47 0 144s64.47 144 144 144 144-64.47 144-144S223.53 0 144 0zm0 76c-37.5 0-68 30.5-68 68 0 6.62-5.38 12-12 12s-12-5.38-12-12c0-50.73 41.28-92 92-92 6.62 0 12 5.38 12 12s-5.38 12-12 12z\"><\/path><\/svg>\t\t\t<\/div>\n\t\t<\/div>\n\t\t\t\t\t\t<\/div>\n\t\t\t\t<\/div>\n\t\t\t\t<div class=\"elementor-element elementor-element-ce1b3d6 elementor-widget elementor-widget-text-editor\" data-id=\"ce1b3d6\" data-element_type=\"widget\" data-e-type=\"widget\" data-widget_type=\"text-editor.default\">\n\t\t\t\t<div class=\"elementor-widget-container\">\n\t\t\t\t\t\t\t\t\t<h5><span style=\"color: #004776;\"><strong>O\u00f9 se renseigner ?<\/strong> <\/span><\/h5>\t\t\t\t\t\t\t\t<\/div>\n\t\t\t\t<\/div>\n\t\t\t\t<div class=\"elementor-element elementor-element-2a6ead6 elementor-widget elementor-widget-button\" data-id=\"2a6ead6\" data-element_type=\"widget\" data-e-type=\"widget\" data-widget_type=\"button.default\">\n\t\t\t\t<div class=\"elementor-widget-container\">\n\t\t\t\t\t\t\t\t\t<div class=\"elementor-button-wrapper\">\n\t\t\t\t\t<a class=\"elementor-button elementor-button-link elementor-size-sm\" href=\"https:\/\/www.ameli.fr\/entreprise\/vos-salaries\/arret-de-travail\/reprise-temps-partiel-therapeutique\">\n\t\t\t\t\t\t<span class=\"elementor-button-content-wrapper\">\n\t\t\t\t\t\t\t\t\t<span class=\"elementor-button-text\">ameli.fr<\/span>\n\t\t\t\t\t<\/span>\n\t\t\t\t\t<\/a>\n\t\t\t\t<\/div>\n\t\t\t\t\t\t\t\t<\/div>\n\t\t\t\t<\/div>\n\t\t\t\t<\/div>\n\t\t\t\t<\/div>\n\t\t\t\t<\/div>\n\t\t<div class=\"elementor-element elementor-element-641e786 e-con-full e-flex e-con e-child\" data-id=\"641e786\" data-element_type=\"container\" data-e-type=\"container\">\n\t\t<div class=\"elementor-element elementor-element-4da625d e-con-full e-flex e-con e-child\" data-id=\"4da625d\" data-element_type=\"container\" data-e-type=\"container\">\n\t\t\t\t<div class=\"elementor-element elementor-element-4b36b0c elementor-widget elementor-widget-text-editor\" data-id=\"4b36b0c\" data-element_type=\"widget\" data-e-type=\"widget\" data-widget_type=\"text-editor.default\">\n\t\t\t\t<div class=\"elementor-widget-container\">\n\t\t\t\t\t\t\t\t\t<h4><strong>Reconnaissance de la Qualit\u00e9 de Travailleur Handicap\u00e9 (RQTH)<\/strong><\/h4><p><br \/>La RQTH est un statut permettant d\u2019obtenir des am\u00e9nagements de poste, un accompagnement par l\u2019Agefiph (Association pour l\u2019insertion professionnelle des personnes handicap\u00e9es) et des aides pour l\u2019adaptation du poste de travail.<br \/>Elle est attribu\u00e9e par la Maison D\u00e9partementale des Personnes Handicap\u00e9es (MDPH) apr\u00e8s \u00e9tude du dossier.<br \/>Elle facilite l\u2019acc\u00e8s aux dispositifs comme le maintien dans l\u2019emploi, la reconversion professionnelle ou les aides \u00e0 l\u2019am\u00e9nagement du poste de travail.<\/p>\t\t\t\t\t\t\t\t<\/div>\n\t\t\t\t<\/div>\n\t\t<div class=\"elementor-element elementor-element-688b0cd e-con-full e-flex e-con e-child\" data-id=\"688b0cd\" data-element_type=\"container\" data-e-type=\"container\">\n\t\t\t\t<div class=\"elementor-element elementor-element-2b17981 elementor-view-default elementor-widget elementor-widget-icon\" data-id=\"2b17981\" data-element_type=\"widget\" data-e-type=\"widget\" data-widget_type=\"icon.default\">\n\t\t\t\t<div class=\"elementor-widget-container\">\n\t\t\t\t\t\t\t<div class=\"elementor-icon-wrapper\">\n\t\t\t<div class=\"elementor-icon\">\n\t\t\t<svg aria-hidden=\"true\" class=\"e-font-icon-svg e-fas-map-pin\" viewbox=\"0 0 288 512\" xmlns=\"http:\/\/www.w3.org\/2000\/svg\"><path d=\"M112 316.94v156.69l22.02 33.02c4.75 7.12 15.22 7.12 19.97 0L176 473.63V316.94c-10.39 1.92-21.06 3.06-32 3.06s-21.61-1.14-32-3.06zM144 0C64.47 0 0 64.47 0 144s64.47 144 144 144 144-64.47 144-144S223.53 0 144 0zm0 76c-37.5 0-68 30.5-68 68 0 6.62-5.38 12-12 12s-12-5.38-12-12c0-50.73 41.28-92 92-92 6.62 0 12 5.38 12 12s-5.38 12-12 12z\"><\/path><\/svg>\t\t\t<\/div>\n\t\t<\/div>\n\t\t\t\t\t\t<\/div>\n\t\t\t\t<\/div>\n\t\t\t\t<div class=\"elementor-element elementor-element-d3032b2 elementor-widget elementor-widget-text-editor\" data-id=\"d3032b2\" data-element_type=\"widget\" data-e-type=\"widget\" data-widget_type=\"text-editor.default\">\n\t\t\t\t<div class=\"elementor-widget-container\">\n\t\t\t\t\t\t\t\t\t<h5><span style=\"color: #004776;\"><strong>O\u00f9 se renseigner ?<\/strong> <\/span><\/h5>\t\t\t\t\t\t\t\t<\/div>\n\t\t\t\t<\/div>\n\t\t\t\t<\/div>\n\t\t<div class=\"elementor-element elementor-element-c030253 e-con-full e-flex e-con e-child\" data-id=\"c030253\" data-element_type=\"container\" data-e-type=\"container\">\n\t\t<div class=\"elementor-element elementor-element-2102b0b e-con-full e-flex e-con e-child\" data-id=\"2102b0b\" data-element_type=\"container\" data-e-type=\"container\">\n\t\t\t\t<div class=\"elementor-element elementor-element-05ff912 elementor-widget elementor-widget-text-editor\" data-id=\"05ff912\" data-element_type=\"widget\" data-e-type=\"widget\" data-widget_type=\"text-editor.default\">\n\t\t\t\t<div class=\"elementor-widget-container\">\n\t\t\t\t\t\t\t\t\t<p>Travailleur en situation de handicap :<\/p>\t\t\t\t\t\t\t\t<\/div>\n\t\t\t\t<\/div>\n\t\t\t\t<div class=\"elementor-element elementor-element-a5f7d22 elementor-widget elementor-widget-button\" data-id=\"a5f7d22\" data-element_type=\"widget\" data-e-type=\"widget\" data-widget_type=\"button.default\">\n\t\t\t\t<div class=\"elementor-widget-container\">\n\t\t\t\t\t\t\t\t\t<div class=\"elementor-button-wrapper\">\n\t\t\t\t\t<a class=\"elementor-button elementor-button-link elementor-size-sm\" href=\"https:\/\/www.service-public.fr\/particuliers\/vosdroits\/F31029\">\n\t\t\t\t\t\t<span class=\"elementor-button-content-wrapper\">\n\t\t\t\t\t\t\t\t\t<span class=\"elementor-button-text\">service-public<\/span>\n\t\t\t\t\t<\/span>\n\t\t\t\t\t<\/a>\n\t\t\t\t<\/div>\n\t\t\t\t\t\t\t\t<\/div>\n\t\t\t\t<\/div>\n\t\t\t\t<\/div>\n\t\t<div class=\"elementor-element elementor-element-f6665c9 e-con-full e-flex e-con e-child\" data-id=\"f6665c9\" data-element_type=\"container\" data-e-type=\"container\">\n\t\t\t\t<div class=\"elementor-element elementor-element-7e6255a elementor-widget elementor-widget-text-editor\" data-id=\"7e6255a\" data-element_type=\"widget\" data-e-type=\"widget\" data-widget_type=\"text-editor.default\">\n\t\t\t\t<div class=\"elementor-widget-container\">\n\t\t\t\t\t\t\t\t\t<p style=\"text-align: left;\">RQTH :<\/p>\t\t\t\t\t\t\t\t<\/div>\n\t\t\t\t<\/div>\n\t\t\t\t<div class=\"elementor-element elementor-element-733701f elementor-widget elementor-widget-button\" data-id=\"733701f\" data-element_type=\"widget\" data-e-type=\"widget\" data-widget_type=\"button.default\">\n\t\t\t\t<div class=\"elementor-widget-container\">\n\t\t\t\t\t\t\t\t\t<div class=\"elementor-button-wrapper\">\n\t\t\t\t\t<a class=\"elementor-button elementor-button-link elementor-size-sm\" href=\"https:\/\/www.service-public.fr\/particuliers\/vosdroits\/F1650\">\n\t\t\t\t\t\t<span class=\"elementor-button-content-wrapper\">\n\t\t\t\t\t\t\t\t\t<span class=\"elementor-button-text\">service-public<\/span>\n\t\t\t\t\t<\/span>\n\t\t\t\t\t<\/a>\n\t\t\t\t<\/div>\n\t\t\t\t\t\t\t\t<\/div>\n\t\t\t\t<\/div>\n\t\t\t\t<\/div>\n\t\t\t\t<\/div>\n\t\t\t\t<\/div>\n\t\t<div class=\"elementor-element elementor-element-864f416 e-con-full e-flex e-con e-child\" data-id=\"864f416\" data-element_type=\"container\" data-e-type=\"container\">\n\t\t\t\t<div class=\"elementor-element elementor-element-dbb46b7 elementor-widget elementor-widget-text-editor\" data-id=\"dbb46b7\" data-element_type=\"widget\" data-e-type=\"widget\" data-widget_type=\"text-editor.default\">\n\t\t\t\t<div class=\"elementor-widget-container\">\n\t\t\t\t\t\t\t\t\t<h4><strong>Pension d\u2019invalidit\u00e9<\/strong><\/h4><p><br \/>En cas de diminution durable de la capacit\u00e9 de travail (au moins 2\/3), la CPAM peut accorder une pension d\u2019invalidit\u00e9 permettant de compenser une perte de revenu.<br \/>Il existe trois cat\u00e9gories de pension, selon la capacit\u00e9 \u00e0 reprendre une activit\u00e9 professionnelle.<br \/>La demande doit \u00eatre faite aupr\u00e8s de la CPAM sur justificatif m\u00e9dical.<\/p>\t\t\t\t\t\t\t\t<\/div>\n\t\t\t\t<\/div>\n\t\t<div class=\"elementor-element elementor-element-b30b15d e-con-full e-flex e-con e-child\" data-id=\"b30b15d\" data-element_type=\"container\" data-e-type=\"container\">\n\t\t\t\t<div class=\"elementor-element elementor-element-e1a8971 elementor-view-default elementor-widget elementor-widget-icon\" data-id=\"e1a8971\" data-element_type=\"widget\" data-e-type=\"widget\" data-widget_type=\"icon.default\">\n\t\t\t\t<div class=\"elementor-widget-container\">\n\t\t\t\t\t\t\t<div class=\"elementor-icon-wrapper\">\n\t\t\t<div class=\"elementor-icon\">\n\t\t\t<svg aria-hidden=\"true\" class=\"e-font-icon-svg e-fas-map-pin\" viewbox=\"0 0 288 512\" xmlns=\"http:\/\/www.w3.org\/2000\/svg\"><path d=\"M112 316.94v156.69l22.02 33.02c4.75 7.12 15.22 7.12 19.97 0L176 473.63V316.94c-10.39 1.92-21.06 3.06-32 3.06s-21.61-1.14-32-3.06zM144 0C64.47 0 0 64.47 0 144s64.47 144 144 144 144-64.47 144-144S223.53 0 144 0zm0 76c-37.5 0-68 30.5-68 68 0 6.62-5.38 12-12 12s-12-5.38-12-12c0-50.73 41.28-92 92-92 6.62 0 12 5.38 12 12s-5.38 12-12 12z\"><\/path><\/svg>\t\t\t<\/div>\n\t\t<\/div>\n\t\t\t\t\t\t<\/div>\n\t\t\t\t<\/div>\n\t\t\t\t<div class=\"elementor-element elementor-element-582ddc1 elementor-widget elementor-widget-text-editor\" data-id=\"582ddc1\" data-element_type=\"widget\" data-e-type=\"widget\" data-widget_type=\"text-editor.default\">\n\t\t\t\t<div class=\"elementor-widget-container\">\n\t\t\t\t\t\t\t\t\t<h5><span style=\"color: #004776;\"><strong>O\u00f9 se renseigner ?<\/strong> <\/span><\/h5>\t\t\t\t\t\t\t\t<\/div>\n\t\t\t\t<\/div>\n\t\t\t\t<div class=\"elementor-element elementor-element-dbabb2c elementor-widget elementor-widget-button\" data-id=\"dbabb2c\" data-element_type=\"widget\" data-e-type=\"widget\" data-widget_type=\"button.default\">\n\t\t\t\t<div class=\"elementor-widget-container\">\n\t\t\t\t\t\t\t\t\t<div class=\"elementor-button-wrapper\">\n\t\t\t\t\t<a class=\"elementor-button elementor-button-link elementor-size-sm\" href=\"https:\/\/www.ameli.fr\/entreprise\/vos-salaries\/montants-reference\/pension-invalidite\">\n\t\t\t\t\t\t<span class=\"elementor-button-content-wrapper\">\n\t\t\t\t\t\t\t\t\t<span class=\"elementor-button-text\">ameli.fr<\/span>\n\t\t\t\t\t<\/span>\n\t\t\t\t\t<\/a>\n\t\t\t\t<\/div>\n\t\t\t\t\t\t\t\t<\/div>\n\t\t\t\t<\/div>\n\t\t\t\t<\/div>\n\t\t\t\t<\/div>\n\t\t\t\t<\/div>\n\t\t\t\t\t<\/div>\n\t\t\t\t<\/div>\n\t\t<div class=\"elementor-element elementor-element-3a6e18a e-flex e-con-boxed e-con e-parent\" data-id=\"3a6e18a\" data-element_type=\"container\" data-e-type=\"container\" data-settings=\"{&quot;background_background&quot;:&quot;classic&quot;}\">\n\t\t\t\t\t<div class=\"e-con-inner\">\n\t\t\t\t<div class=\"elementor-element elementor-element-8042a37 elementor-widget elementor-widget-text-editor\" data-id=\"8042a37\" data-element_type=\"widget\" data-e-type=\"widget\" data-widget_type=\"text-editor.default\">\n\t\t\t\t<div class=\"elementor-widget-container\">\n\t\t\t\t\t\t\t\t\t<h3><strong>3. Adapter son poste et son environnement de travail<\/strong><\/h3><p>En compl\u00e9ment de ces aides, des solutions existent pour adapter l\u2019environnement de travail :<\/p>\t\t\t\t\t\t\t\t<\/div>\n\t\t\t\t<\/div>\n\t\t<div class=\"elementor-element elementor-element-aeea079 e-con-full e-flex e-con e-child\" data-id=\"aeea079\" data-element_type=\"container\" data-e-type=\"container\">\n\t\t<div class=\"elementor-element elementor-element-001fa19 e-con-full e-flex e-con e-child\" data-id=\"001fa19\" data-element_type=\"container\" data-e-type=\"container\">\n\t\t\t\t<div class=\"elementor-element elementor-element-4915e7c elementor-widget elementor-widget-text-editor\" data-id=\"4915e7c\" data-element_type=\"widget\" data-e-type=\"widget\" data-widget_type=\"text-editor.default\">\n\t\t\t\t<div class=\"elementor-widget-container\">\n\t\t\t\t\t\t\t\t\t<h5><span style=\"color: #004776;\">Am\u00e9nagement des horaires :<\/span><\/h5><p>gr\u00e2ce \u00e0 la flexibilit\u00e9 de la dialyse \u00e0 domicile, il est possible de programmer les s\u00e9ances en dehors des heures de travail.<\/p>\t\t\t\t\t\t\t\t<\/div>\n\t\t\t\t<\/div>\n\t\t\t\t<\/div>\n\t\t<div class=\"elementor-element elementor-element-7e667d7 e-con-full e-flex e-con e-child\" data-id=\"7e667d7\" data-element_type=\"container\" data-e-type=\"container\">\n\t\t\t\t<div class=\"elementor-element elementor-element-31ad9d3 elementor-widget elementor-widget-text-editor\" data-id=\"31ad9d3\" data-element_type=\"widget\" data-e-type=\"widget\" data-widget_type=\"text-editor.default\">\n\t\t\t\t<div class=\"elementor-widget-container\">\n\t\t\t\t\t\t\t\t\t<h5><span style=\"color: #004776;\">T\u00e9l\u00e9travail :<\/span><\/h5><p>si le poste le permet, le t\u00e9l\u00e9travail peut \u00eatre une solution id\u00e9ale pour r\u00e9duire la fatigue li\u00e9e aux d\u00e9placements.<\/p>\t\t\t\t\t\t\t\t<\/div>\n\t\t\t\t<\/div>\n\t\t\t\t<\/div>\n\t\t<div class=\"elementor-element elementor-element-3cc7c04 e-con-full e-flex e-con e-child\" data-id=\"3cc7c04\" data-element_type=\"container\" data-e-type=\"container\">\n\t\t\t\t<div class=\"elementor-element elementor-element-529ff4f elementor-widget elementor-widget-text-editor\" data-id=\"529ff4f\" data-element_type=\"widget\" data-e-type=\"widget\" data-widget_type=\"text-editor.default\">\n\t\t\t\t<div class=\"elementor-widget-container\">\n\t\t\t\t\t\t\t\t\t<h5><span style=\"color: #004776;\">Aides \u00e0 l\u2019am\u00e9nagement du poste :<\/span><\/h5><p>via l\u2019Agefiph ou la MDPH, il est possible d\u2019obtenir des \u00e9quipements sp\u00e9cifiques ou un accompagnement pour une meilleure adaptation du poste.<\/p>\t\t\t\t\t\t\t\t<\/div>\n\t\t\t\t<\/div>\n\t\t\t\t<\/div>\n\t\t<div class=\"elementor-element elementor-element-7658547 e-con-full e-flex e-con e-child\" data-id=\"7658547\" data-element_type=\"container\" data-e-type=\"container\">\n\t\t\t\t<div class=\"elementor-element elementor-element-cc6ed91 elementor-view-default elementor-widget elementor-widget-icon\" data-id=\"cc6ed91\" data-element_type=\"widget\" data-e-type=\"widget\" data-widget_type=\"icon.default\">\n\t\t\t\t<div class=\"elementor-widget-container\">\n\t\t\t\t\t\t\t<div class=\"elementor-icon-wrapper\">\n\t\t\t<div class=\"elementor-icon\">\n\t\t\t<svg aria-hidden=\"true\" class=\"e-font-icon-svg e-fas-map-pin\" viewbox=\"0 0 288 512\" xmlns=\"http:\/\/www.w3.org\/2000\/svg\"><path d=\"M112 316.94v156.69l22.02 33.02c4.75 7.12 15.22 7.12 19.97 0L176 473.63V316.94c-10.39 1.92-21.06 3.06-32 3.06s-21.61-1.14-32-3.06zM144 0C64.47 0 0 64.47 0 144s64.47 144 144 144 144-64.47 144-144S223.53 0 144 0zm0 76c-37.5 0-68 30.5-68 68 0 6.62-5.38 12-12 12s-12-5.38-12-12c0-50.73 41.28-92 92-92 6.62 0 12 5.38 12 12s-5.38 12-12 12z\"><\/path><\/svg>\t\t\t<\/div>\n\t\t<\/div>\n\t\t\t\t\t\t<\/div>\n\t\t\t\t<\/div>\n\t\t\t\t<div class=\"elementor-element elementor-element-b5fab81 elementor-widget elementor-widget-text-editor\" data-id=\"b5fab81\" data-element_type=\"widget\" data-e-type=\"widget\" data-widget_type=\"text-editor.default\">\n\t\t\t\t<div class=\"elementor-widget-container\">\n\t\t\t\t\t\t\t\t\t<h5><span style=\"color: #004776;\"><strong>O\u00f9 se renseigner ?<\/strong> <\/span><\/h5>\t\t\t\t\t\t\t\t<\/div>\n\t\t\t\t<\/div>\n\t\t\t\t<div class=\"elementor-element elementor-element-0504aaf elementor-widget elementor-widget-button\" data-id=\"0504aaf\" data-element_type=\"widget\" data-e-type=\"widget\" data-widget_type=\"button.default\">\n\t\t\t\t<div class=\"elementor-widget-container\">\n\t\t\t\t\t\t\t\t\t<div class=\"elementor-button-wrapper\">\n\t\t\t\t\t<a class=\"elementor-button elementor-button-link elementor-size-sm\" href=\"https:\/\/www.agefiph.fr\/\">\n\t\t\t\t\t\t<span class=\"elementor-button-content-wrapper\">\n\t\t\t\t\t\t\t\t\t<span class=\"elementor-button-text\">Agefiph<\/span>\n\t\t\t\t\t<\/span>\n\t\t\t\t\t<\/a>\n\t\t\t\t<\/div>\n\t\t\t\t\t\t\t\t<\/div>\n\t\t\t\t<\/div>\n\t\t\t\t<div class=\"elementor-element elementor-element-cadd3b5 elementor-widget elementor-widget-button\" data-id=\"cadd3b5\" data-element_type=\"widget\" data-e-type=\"widget\" data-widget_type=\"button.default\">\n\t\t\t\t<div class=\"elementor-widget-container\">\n\t\t\t\t\t\t\t\t\t<div class=\"elementor-button-wrapper\">\n\t\t\t\t\t<a class=\"elementor-button elementor-button-link elementor-size-sm\" href=\"https:\/\/mdphenligne.cnsa.fr\/\">\n\t\t\t\t\t\t<span class=\"elementor-button-content-wrapper\">\n\t\t\t\t\t\t\t\t\t<span class=\"elementor-button-text\">Mdph en ligne<\/span>\n\t\t\t\t\t<\/span>\n\t\t\t\t\t<\/a>\n\t\t\t\t<\/div>\n\t\t\t\t\t\t\t\t<\/div>\n\t\t\t\t<\/div>\n\t\t\t\t<\/div>\n\t\t\t\t<\/div>\n\t\t\t\t\t<\/div>\n\t\t\t\t<\/div>\n\t\t<div class=\"elementor-element elementor-element-dd8c2b3 e-flex e-con-boxed e-con e-parent\" data-id=\"dd8c2b3\" data-element_type=\"container\" data-e-type=\"container\" data-settings=\"{&quot;background_background&quot;:&quot;classic&quot;}\">\n\t\t\t\t\t<div class=\"e-con-inner\">\n\t\t\t\t<div class=\"elementor-element elementor-element-036beca elementor-widget elementor-widget-text-editor\" data-id=\"036beca\" data-element_type=\"widget\" data-e-type=\"widget\" data-widget_type=\"text-editor.default\">\n\t\t\t\t<div class=\"elementor-widget-container\">\n\t\t\t\t\t\t\t\t\t<h3><strong>4. Anticiper et organiser son retour au travail<\/strong><\/h3><p><br \/>Un retour au travail r\u00e9ussi n\u00e9cessite une bonne anticipation. Voici quelques conseils :<\/p>\t\t\t\t\t\t\t\t<\/div>\n\t\t\t\t<\/div>\n\t\t<div class=\"elementor-element elementor-element-4c97f12 e-con-full e-flex e-con e-child\" data-id=\"4c97f12\" data-element_type=\"container\" data-e-type=\"container\">\n\t\t<div class=\"elementor-element elementor-element-83feb99 e-con-full e-flex e-con e-child\" data-id=\"83feb99\" data-element_type=\"container\" data-e-type=\"container\">\n\t\t\t\t<div class=\"elementor-element elementor-element-cc00e80 elementor-widget elementor-widget-text-editor\" data-id=\"cc00e80\" data-element_type=\"widget\" data-e-type=\"widget\" data-widget_type=\"text-editor.default\">\n\t\t\t\t<div class=\"elementor-widget-container\">\n\t\t\t\t\t\t\t\t\t<h5><span style=\"color: #004776;\">Parler avec son employeur :<\/span><\/h5><p>discuter des am\u00e9nagements possibles pour concilier dialyse et emploi.<\/p>\t\t\t\t\t\t\t\t<\/div>\n\t\t\t\t<\/div>\n\t\t\t\t<\/div>\n\t\t<div class=\"elementor-element elementor-element-d126bb3 e-con-full e-flex e-con e-child\" data-id=\"d126bb3\" data-element_type=\"container\" data-e-type=\"container\">\n\t\t\t\t<div class=\"elementor-element elementor-element-c0d067b elementor-widget elementor-widget-text-editor\" data-id=\"c0d067b\" data-element_type=\"widget\" data-e-type=\"widget\" data-widget_type=\"text-editor.default\">\n\t\t\t\t<div class=\"elementor-widget-container\">\n\t\t\t\t\t\t\t\t\t<h5><span style=\"color: #004776;\">Se faire accompagner : <\/span><\/h5><p>par un service social (CPAM, MDPH, Agefiph) pour obtenir des conseils personnalis\u00e9s.<\/p>\t\t\t\t\t\t\t\t<\/div>\n\t\t\t\t<\/div>\n\t\t\t\t<\/div>\n\t\t<div class=\"elementor-element elementor-element-48e97cb e-con-full e-flex e-con e-child\" data-id=\"48e97cb\" data-element_type=\"container\" data-e-type=\"container\">\n\t\t\t\t<div class=\"elementor-element elementor-element-440c239 elementor-widget elementor-widget-text-editor\" data-id=\"440c239\" data-element_type=\"widget\" data-e-type=\"widget\" data-widget_type=\"text-editor.default\">\n\t\t\t\t<div class=\"elementor-widget-container\">\n\t\t\t\t\t\t\t\t\t<h5><span style=\"color: #004776;\">Pr\u00e9voir une reprise progressive :<\/span><\/h5><p>via un temps partiel th\u00e9rapeutique pour mieux g\u00e9rer la fatigue.<\/p>\t\t\t\t\t\t\t\t<\/div>\n\t\t\t\t<\/div>\n\t\t\t\t<\/div>\n\t\t\t\t<\/div>\n\t\t\t\t<div class=\"elementor-element elementor-element-4be160e elementor-widget elementor-widget-text-editor\" data-id=\"4be160e\" data-element_type=\"widget\" data-e-type=\"widget\" data-widget_type=\"text-editor.default\">\n\t\t\t\t<div class=\"elementor-widget-container\">\n\t\t\t\t\t\t\t\t\t<p>Gr\u00e2ce \u00e0 un traitement adapt\u00e9 \u00e0 votre vie et aux nombreux dispositifs de soutien, les patients insuffisants r\u00e9naux peuvent poursuivre une activit\u00e9 professionnelle dans de bonnes conditions. <br \/>L\u2019essentiel est de bien s\u2019informer, d\u2019anticiper les d\u00e9marches et de mobiliser les aides adapt\u00e9es \u00e0 chaque situation.<\/p>\t\t\t\t\t\t\t\t<\/div>\n\t\t\t\t<\/div>\n\t\t\t\t\t<\/div>\n\t\t\t\t<\/div>\n\t\t\t\t<\/div>","protected":false},"excerpt":{"rendered":"<p>Retour au travail : quelles options pour les patients insuffisants r\u00e9naux ? Vivre avec une insuffisance r\u00e9nale ne signifie pas forc\u00e9ment mettre un terme \u00e0 sa carri\u00e8re professionnelle. Gr\u00e2ce aux avanc\u00e9es de la prise en charge des patients notamment \u00e0 domicile et aux dispositifs d\u2019accompagnement existants, il est tout \u00e0 fait possible de concilier traitement et vie active. Voici un tour d\u2019horizon des solutions et aides disponibles pour vous aider \u00e0 maintenir ou reprendre une activit\u00e9 professionnelle : 1. Adapter son traitement pour pr\u00e9server son emploi Lorsque ces traitements sont possibles, la transplantation et la dialyse \u00e0 domicile, qu\u2019elle soit p\u00e9riton\u00e9ale ou h\u00e9modialyse quotidienne, offrent une flexibilit\u00e9 pr\u00e9cieuse pour continuer \u00e0 travailler. Contrairement aux s\u00e9ances de dialyse en centre, ces m\u00e9thodes permettent d\u2019ajuster les horaires en fonction des contraintes professionnelles. Dialyse p\u00e9riton\u00e9ale : se r\u00e9alise \u00e0 domicile et peut \u00eatre automatis\u00e9e la nuit, permettant ainsi de lib\u00e9rer la journ\u00e9e pour [&hellip;]<\/p>\n","protected":false},"author":1,"featured_media":4129,"comment_status":"closed","ping_status":"closed","sticky":false,"template":"","format":"standard","meta":{"_acf_changed":false,"footnotes":""},"categories":[39],"tags":[],"class_list":["post-5347","post","type-post","status-publish","format-standard","has-post-thumbnail","hentry","category-patients"],"acf":[],"yoast_head":"<!-- This site is optimized with the Yoast SEO Premium plugin v27.4 (Yoast SEO v27.5) - https:\/\/yoast.com\/product\/yoast-seo-premium-wordpress\/ -->\n<title>Le retour au travail - Patients - - Physidia - H\u00e9modialyse \u00e0 domicile<\/title>\n<meta name=\"description\" content=\"Reprendre une activit\u00e9 professionnelle avec l\u2019HDDQ : am\u00e9nagement du temps, droits, conseils pratiques pour concilier travail et dialyse \u00e0 domicile.\" \/>\n<meta name=\"robots\" content=\"index, follow, max-snippet:-1, max-image-preview:large, max-video-preview:-1\" \/>\n<link rel=\"canonical\" href=\"https:\/\/physidia.com\/de\/le-retour-au-travail\/\" \/>\n<meta property=\"og:locale\" content=\"de_DE\" \/>\n<meta property=\"og:type\" content=\"article\" \/>\n<meta property=\"og:title\" content=\"Le retour au travail\" \/>\n<meta property=\"og:description\" content=\"Reprendre une activit\u00e9 professionnelle avec l\u2019HDDQ : am\u00e9nagement du temps, droits, conseils pratiques pour concilier travail et dialyse \u00e0 domicile.\" \/>\n<meta property=\"og:url\" content=\"https:\/\/physidia.com\/de\/le-retour-au-travail\/\" \/>\n<meta property=\"og:site_name\" content=\"Physidia\" \/>\n<meta property=\"article:publisher\" content=\"https:\/\/www.facebook.com\/Physidia\" \/>\n<meta property=\"article:published_time\" content=\"2025-03-18T13:50:50+00:00\" \/>\n<meta property=\"article:modified_time\" content=\"2025-04-25T13:13:51+00:00\" \/>\n<meta property=\"og:image\" content=\"https:\/\/physidia.com\/wp-content\/uploads\/2025\/03\/img-home-distributeurs.jpg\" \/>\n\t<meta property=\"og:image:width\" content=\"778\" \/>\n\t<meta property=\"og:image:height\" content=\"530\" \/>\n\t<meta property=\"og:image:type\" content=\"image\/jpeg\" \/>\n<meta name=\"author\" content=\"cdigital\" \/>\n<meta name=\"twitter:card\" content=\"summary_large_image\" \/>\n<meta name=\"twitter:label1\" content=\"Written by\" \/>\n\t<meta name=\"twitter:data1\" content=\"cdigital\" \/>\n\t<meta name=\"twitter:label2\" content=\"Est. reading time\" \/>\n\t<meta name=\"twitter:data2\" content=\"4 minutes\" \/>\n<script type=\"application\/ld+json\" class=\"yoast-schema-graph\">{\"@context\":\"https:\\\/\\\/schema.org\",\"@graph\":[{\"@type\":\"Article\",\"@id\":\"https:\\\/\\\/physidia.com\\\/le-retour-au-travail\\\/#article\",\"isPartOf\":{\"@id\":\"https:\\\/\\\/physidia.com\\\/le-retour-au-travail\\\/\"},\"author\":{\"name\":\"cdigital\",\"@id\":\"https:\\\/\\\/physidia.com\\\/en\\\/#\\\/schema\\\/person\\\/6f8b10e3b687923009086805e85e4f06\"},\"headline\":\"Le retour au travail\",\"datePublished\":\"2025-03-18T13:50:50+00:00\",\"dateModified\":\"2025-04-25T13:13:51+00:00\",\"mainEntityOfPage\":{\"@id\":\"https:\\\/\\\/physidia.com\\\/le-retour-au-travail\\\/\"},\"wordCount\":752,\"publisher\":{\"@id\":\"https:\\\/\\\/physidia.com\\\/en\\\/#organization\"},\"image\":{\"@id\":\"https:\\\/\\\/physidia.com\\\/le-retour-au-travail\\\/#primaryimage\"},\"thumbnailUrl\":\"\\\/wp-content\\\/uploads\\\/2025\\\/03\\\/img-home-distributeurs.jpg\",\"articleSection\":[\"Patients\"],\"inLanguage\":\"de-DE\"},{\"@type\":\"WebPage\",\"@id\":\"https:\\\/\\\/physidia.com\\\/le-retour-au-travail\\\/\",\"url\":\"https:\\\/\\\/physidia.com\\\/le-retour-au-travail\\\/\",\"name\":\"Le retour au travail - Patients - - Physidia - H\u00e9modialyse \u00e0 domicile\",\"isPartOf\":{\"@id\":\"https:\\\/\\\/physidia.com\\\/en\\\/#website\"},\"primaryImageOfPage\":{\"@id\":\"https:\\\/\\\/physidia.com\\\/le-retour-au-travail\\\/#primaryimage\"},\"image\":{\"@id\":\"https:\\\/\\\/physidia.com\\\/le-retour-au-travail\\\/#primaryimage\"},\"thumbnailUrl\":\"\\\/wp-content\\\/uploads\\\/2025\\\/03\\\/img-home-distributeurs.jpg\",\"datePublished\":\"2025-03-18T13:50:50+00:00\",\"dateModified\":\"2025-04-25T13:13:51+00:00\",\"description\":\"Reprendre une activit\u00e9 professionnelle avec l\u2019HDDQ : am\u00e9nagement du temps, droits, conseils pratiques pour concilier travail et dialyse \u00e0 domicile.\",\"breadcrumb\":{\"@id\":\"https:\\\/\\\/physidia.com\\\/le-retour-au-travail\\\/#breadcrumb\"},\"inLanguage\":\"de-DE\",\"potentialAction\":[{\"@type\":\"ReadAction\",\"target\":[\"https:\\\/\\\/physidia.com\\\/le-retour-au-travail\\\/\"]}]},{\"@type\":\"ImageObject\",\"inLanguage\":\"de-DE\",\"@id\":\"https:\\\/\\\/physidia.com\\\/le-retour-au-travail\\\/#primaryimage\",\"url\":\"\\\/wp-content\\\/uploads\\\/2025\\\/03\\\/img-home-distributeurs.jpg\",\"contentUrl\":\"\\\/wp-content\\\/uploads\\\/2025\\\/03\\\/img-home-distributeurs.jpg\",\"width\":778,\"height\":530},{\"@type\":\"BreadcrumbList\",\"@id\":\"https:\\\/\\\/physidia.com\\\/le-retour-au-travail\\\/#breadcrumb\",\"itemListElement\":[{\"@type\":\"ListItem\",\"position\":1,\"name\":\"Accueil\",\"item\":\"https:\\\/\\\/physidia.com\\\/en\\\/\"},{\"@type\":\"ListItem\",\"position\":2,\"name\":\"Le retour au travail\"}]},{\"@type\":\"WebSite\",\"@id\":\"https:\\\/\\\/physidia.com\\\/en\\\/#website\",\"url\":\"https:\\\/\\\/physidia.com\\\/en\\\/\",\"name\":\"Physidia | H\u00e9modialyse \u00e0 Domicile\",\"description\":\"\",\"publisher\":{\"@id\":\"https:\\\/\\\/physidia.com\\\/en\\\/#organization\"},\"alternateName\":\"Physidia | HDDQ\",\"potentialAction\":[{\"@type\":\"SearchAction\",\"target\":{\"@type\":\"EntryPoint\",\"urlTemplate\":\"https:\\\/\\\/physidia.com\\\/en\\\/?s={search_term_string}\"},\"query-input\":{\"@type\":\"PropertyValueSpecification\",\"valueRequired\":true,\"valueName\":\"search_term_string\"}}],\"inLanguage\":\"de-DE\"},{\"@type\":\"Organization\",\"@id\":\"https:\\\/\\\/physidia.com\\\/en\\\/#organization\",\"name\":\"Physidia\",\"url\":\"https:\\\/\\\/physidia.com\\\/en\\\/\",\"logo\":{\"@type\":\"ImageObject\",\"inLanguage\":\"de-DE\",\"@id\":\"https:\\\/\\\/physidia.com\\\/en\\\/#\\\/schema\\\/logo\\\/image\\\/\",\"url\":\"https:\\\/\\\/www.physidia.com\\\/wp-content\\\/uploads\\\/2024\\\/12\\\/logo-physidia.webp\",\"contentUrl\":\"https:\\\/\\\/www.physidia.com\\\/wp-content\\\/uploads\\\/2024\\\/12\\\/logo-physidia.webp\",\"width\":281,\"height\":283,\"caption\":\"Physidia\"},\"image\":{\"@id\":\"https:\\\/\\\/physidia.com\\\/en\\\/#\\\/schema\\\/logo\\\/image\\\/\"},\"sameAs\":[\"https:\\\/\\\/www.facebook.com\\\/Physidia\",\"https:\\\/\\\/www.linkedin.com\\\/company\\\/physidia\\\/\"],\"description\":\"Entreprise fran\u00e7aise pionni\u00e8re de la dialyse fr\u00e9quente et flexible \u00e0 domicile, Physidia con\u00e7oit et fabrique en France des solutions innovantes pour offrir aux patients dialys\u00e9s plus de libert\u00e9, de s\u00e9r\u00e9nit\u00e9 et une meilleure qualit\u00e9 de vie.\",\"email\":\"contact@physidia.fr\",\"legalName\":\"Physidia S.A.S.\",\"foundingDate\":\"2010-11-01\",\"taxID\":\"528 454 028 00028\",\"numberOfEmployees\":{\"@type\":\"QuantitativeValue\",\"minValue\":\"51\",\"maxValue\":\"200\"},\"publishingPrinciples\":\"https:\\\/\\\/physidia.com\\\/en\\\/legal-notice\\\/\",\"actionableFeedbackPolicy\":\"https:\\\/\\\/physidia.com\\\/en\\\/privacy-policy\\\/\"},{\"@type\":\"Person\",\"@id\":\"https:\\\/\\\/physidia.com\\\/en\\\/#\\\/schema\\\/person\\\/6f8b10e3b687923009086805e85e4f06\",\"name\":\"cdigital\",\"image\":{\"@type\":\"ImageObject\",\"inLanguage\":\"de-DE\",\"@id\":\"https:\\\/\\\/secure.gravatar.com\\\/avatar\\\/ba736bb0fffffb44459d3463909a4364364d8200c789e30cf66dabff4db20aa6?s=96&d=mm&r=g\",\"url\":\"https:\\\/\\\/secure.gravatar.com\\\/avatar\\\/ba736bb0fffffb44459d3463909a4364364d8200c789e30cf66dabff4db20aa6?s=96&d=mm&r=g\",\"contentUrl\":\"https:\\\/\\\/secure.gravatar.com\\\/avatar\\\/ba736bb0fffffb44459d3463909a4364364d8200c789e30cf66dabff4db20aa6?s=96&d=mm&r=g\",\"caption\":\"cdigital\"},\"sameAs\":[\"https:\\\/\\\/www.physidia.com\"],\"url\":\"https:\\\/\\\/physidia.com\\\/de\\\/author\\\/cdigital\\\/\"}]}<\/script>\n<!-- \/ Yoast SEO Premium plugin. -->","yoast_head_json":{"title":"Le retour au travail - Patients - - Physidia - H\u00e9modialyse \u00e0 domicile","description":"Reprendre une activit\u00e9 professionnelle avec l\u2019HDDQ : am\u00e9nagement du temps, droits, conseils pratiques pour concilier travail et dialyse \u00e0 domicile.","robots":{"index":"index","follow":"follow","max-snippet":"max-snippet:-1","max-image-preview":"max-image-preview:large","max-video-preview":"max-video-preview:-1"},"canonical":"https:\/\/physidia.com\/de\/le-retour-au-travail\/","og_locale":"de_DE","og_type":"article","og_title":"Le retour au travail","og_description":"Reprendre une activit\u00e9 professionnelle avec l\u2019HDDQ : am\u00e9nagement du temps, droits, conseils pratiques pour concilier travail et dialyse \u00e0 domicile.","og_url":"https:\/\/physidia.com\/de\/le-retour-au-travail\/","og_site_name":"Physidia","article_publisher":"https:\/\/www.facebook.com\/Physidia","article_published_time":"2025-03-18T13:50:50+00:00","article_modified_time":"2025-04-25T13:13:51+00:00","og_image":[{"width":778,"height":530,"url":"https:\/\/physidia.com\/wp-content\/uploads\/2025\/03\/img-home-distributeurs.jpg","type":"image\/jpeg"}],"author":"cdigital","twitter_card":"summary_large_image","twitter_misc":{"Written by":"cdigital","Est. reading time":"4 minutes"},"schema":{"@context":"https:\/\/schema.org","@graph":[{"@type":"Article","@id":"https:\/\/physidia.com\/le-retour-au-travail\/#article","isPartOf":{"@id":"https:\/\/physidia.com\/le-retour-au-travail\/"},"author":{"name":"cdigital","@id":"https:\/\/physidia.com\/en\/#\/schema\/person\/6f8b10e3b687923009086805e85e4f06"},"headline":"Le retour au travail","datePublished":"2025-03-18T13:50:50+00:00","dateModified":"2025-04-25T13:13:51+00:00","mainEntityOfPage":{"@id":"https:\/\/physidia.com\/le-retour-au-travail\/"},"wordCount":752,"publisher":{"@id":"https:\/\/physidia.com\/en\/#organization"},"image":{"@id":"https:\/\/physidia.com\/le-retour-au-travail\/#primaryimage"},"thumbnailUrl":"\/wp-content\/uploads\/2025\/03\/img-home-distributeurs.jpg","articleSection":["Patients"],"inLanguage":"de-DE"},{"@type":"WebPage","@id":"https:\/\/physidia.com\/le-retour-au-travail\/","url":"https:\/\/physidia.com\/le-retour-au-travail\/","name":"Le retour au travail - Patients - - Physidia - H\u00e9modialyse \u00e0 domicile","isPartOf":{"@id":"https:\/\/physidia.com\/en\/#website"},"primaryImageOfPage":{"@id":"https:\/\/physidia.com\/le-retour-au-travail\/#primaryimage"},"image":{"@id":"https:\/\/physidia.com\/le-retour-au-travail\/#primaryimage"},"thumbnailUrl":"\/wp-content\/uploads\/2025\/03\/img-home-distributeurs.jpg","datePublished":"2025-03-18T13:50:50+00:00","dateModified":"2025-04-25T13:13:51+00:00","description":"Reprendre une activit\u00e9 professionnelle avec l\u2019HDDQ : am\u00e9nagement du temps, droits, conseils pratiques pour concilier travail et dialyse \u00e0 domicile.","breadcrumb":{"@id":"https:\/\/physidia.com\/le-retour-au-travail\/#breadcrumb"},"inLanguage":"de-DE","potentialAction":[{"@type":"ReadAction","target":["https:\/\/physidia.com\/le-retour-au-travail\/"]}]},{"@type":"ImageObject","inLanguage":"de-DE","@id":"https:\/\/physidia.com\/le-retour-au-travail\/#primaryimage","url":"\/wp-content\/uploads\/2025\/03\/img-home-distributeurs.jpg","contentUrl":"\/wp-content\/uploads\/2025\/03\/img-home-distributeurs.jpg","width":778,"height":530},{"@type":"BreadcrumbList","@id":"https:\/\/physidia.com\/le-retour-au-travail\/#breadcrumb","itemListElement":[{"@type":"ListItem","position":1,"name":"Accueil","item":"https:\/\/physidia.com\/en\/"},{"@type":"ListItem","position":2,"name":"Le retour au travail"}]},{"@type":"WebSite","@id":"https:\/\/physidia.com\/en\/#website","url":"https:\/\/physidia.com\/en\/","name":"Physidia | H\u00e9modialyse \u00e0 Domicile","description":"","publisher":{"@id":"https:\/\/physidia.com\/en\/#organization"},"alternateName":"Physidia | HDDQ","potentialAction":[{"@type":"SearchAction","target":{"@type":"EntryPoint","urlTemplate":"https:\/\/physidia.com\/en\/?s={search_term_string}"},"query-input":{"@type":"PropertyValueSpecification","valueRequired":true,"valueName":"search_term_string"}}],"inLanguage":"de-DE"},{"@type":"Organization","@id":"https:\/\/physidia.com\/en\/#organization","name":"Physidia","url":"https:\/\/physidia.com\/en\/","logo":{"@type":"ImageObject","inLanguage":"de-DE","@id":"https:\/\/physidia.com\/en\/#\/schema\/logo\/image\/","url":"https:\/\/www.physidia.com\/wp-content\/uploads\/2024\/12\/logo-physidia.webp","contentUrl":"https:\/\/www.physidia.com\/wp-content\/uploads\/2024\/12\/logo-physidia.webp","width":281,"height":283,"caption":"Physidia"},"image":{"@id":"https:\/\/physidia.com\/en\/#\/schema\/logo\/image\/"},"sameAs":["https:\/\/www.facebook.com\/Physidia","https:\/\/www.linkedin.com\/company\/physidia\/"],"description":"Entreprise fran\u00e7aise pionni\u00e8re de la dialyse fr\u00e9quente et flexible \u00e0 domicile, Physidia con\u00e7oit et fabrique en France des solutions innovantes pour offrir aux patients dialys\u00e9s plus de libert\u00e9, de s\u00e9r\u00e9nit\u00e9 et une meilleure qualit\u00e9 de vie.","email":"contact@physidia.fr","legalName":"Physidia S.A.S.","foundingDate":"2010-11-01","taxID":"528 454 028 00028","numberOfEmployees":{"@type":"QuantitativeValue","minValue":"51","maxValue":"200"},"publishingPrinciples":"https:\/\/physidia.com\/en\/legal-notice\/","actionableFeedbackPolicy":"https:\/\/physidia.com\/en\/privacy-policy\/"},{"@type":"Person","@id":"https:\/\/physidia.com\/en\/#\/schema\/person\/6f8b10e3b687923009086805e85e4f06","name":"cdigital","image":{"@type":"ImageObject","inLanguage":"de-DE","@id":"https:\/\/secure.gravatar.com\/avatar\/ba736bb0fffffb44459d3463909a4364364d8200c789e30cf66dabff4db20aa6?s=96&d=mm&r=g","url":"https:\/\/secure.gravatar.com\/avatar\/ba736bb0fffffb44459d3463909a4364364d8200c789e30cf66dabff4db20aa6?s=96&d=mm&r=g","contentUrl":"https:\/\/secure.gravatar.com\/avatar\/ba736bb0fffffb44459d3463909a4364364d8200c789e30cf66dabff4db20aa6?s=96&d=mm&r=g","caption":"cdigital"},"sameAs":["https:\/\/www.physidia.com"],"url":"https:\/\/physidia.com\/de\/author\/cdigital\/"}]}},"_links":{"self":[{"href":"https:\/\/physidia.com\/de\/wp-json\/wp\/v2\/posts\/5347","targetHints":{"allow":["GET"]}}],"collection":[{"href":"https:\/\/physidia.com\/de\/wp-json\/wp\/v2\/posts"}],"about":[{"href":"https:\/\/physidia.com\/de\/wp-json\/wp\/v2\/types\/post"}],"author":[{"embeddable":true,"href":"https:\/\/physidia.com\/de\/wp-json\/wp\/v2\/users\/1"}],"replies":[{"embeddable":true,"href":"https:\/\/physidia.com\/de\/wp-json\/wp\/v2\/comments?post=5347"}],"version-history":[{"count":40,"href":"https:\/\/physidia.com\/de\/wp-json\/wp\/v2\/posts\/5347\/revisions"}],"predecessor-version":[{"id":5893,"href":"https:\/\/physidia.com\/de\/wp-json\/wp\/v2\/posts\/5347\/revisions\/5893"}],"wp:featuredmedia":[{"embeddable":true,"href":"https:\/\/physidia.com\/de\/wp-json\/wp\/v2\/media\/4129"}],"wp:attachment":[{"href":"https:\/\/physidia.com\/de\/wp-json\/wp\/v2\/media?parent=5347"}],"wp:term":[{"taxonomy":"category","embeddable":true,"href":"https:\/\/physidia.com\/de\/wp-json\/wp\/v2\/categories?post=5347"},{"taxonomy":"post_tag","embeddable":true,"href":"https:\/\/physidia.com\/de\/wp-json\/wp\/v2\/tags?post=5347"}],"curies":[{"name":"wp","href":"https:\/\/api.w.org\/{rel}","templated":true}]}}